{"id":1071,"date":"2024-05-02T00:02:49","date_gmt":"2024-05-01T22:02:49","guid":{"rendered":"http:\/\/seanitiatives.com\/?p=1071"},"modified":"2024-05-02T00:02:52","modified_gmt":"2024-05-01T22:02:52","slug":"23-au-30-avril-cuba-partie-iii","status":"publish","type":"post","link":"https:\/\/seanitiatives.com\/index.php\/2024\/05\/02\/23-au-30-avril-cuba-partie-iii\/","title":{"rendered":"23 au 30 avril : Cuba &#8211; Partie III"},"content":{"rendered":"\n<p>Nous vous avions laiss\u00e9 lors de notre arriv\u00e9e \u00e0 La Havane. Cette premi\u00e8re journ\u00e9e n\u2019est pas de tout repos : qui dit arriv\u00e9e au port dit grand m\u00e9nage sur AuriJin, on frotte, l\u2019ext\u00e9rieur, on nettoie l\u2019int\u00e9rieur de toutes les traces de moisissures accumul\u00e9es avec l\u2019humidit\u00e9 ambiante (bah oui, une maison sur l\u2019eau, c\u2019est humide surtout s\u2019il fait chaud\u2026), on lave les couettes qui resserviront pour la transat retour, on fait s\u00e9cher tout \u00e7a ! Une fois qu\u2019AuriJin brille comme un sou neuf, nous nous accordons une petite soir\u00e9e de repos.<\/p>\n\n\n\n<p>Le lendemain, nous faisons la connaissance de nos voisins, \u00e0 bord de GabyJo et d\u00e9couvrons le petit village de la banlieue de La Havane. Une journ\u00e9e calme pour planifier notre s\u00e9jour \u00e0 venir \u00e0 Vi\u00f1ales.<\/p>\n\n\n\n<figure class=\"wp-block-gallery has-nested-images columns-default is-cropped wp-block-gallery-1 is-layout-flex wp-block-gallery-is-layout-flex\">\n<figure class=\"wp-block-image size-large\"><img loading=\"lazy\" decoding=\"async\" width=\"1024\" height=\"834\" data-id=\"1076\" src=\"http:\/\/seanitiatives.com\/wp-content\/uploads\/2024\/04\/2024_04_26-Vinales-12-1024x834.jpeg\" alt=\"\" class=\"wp-image-1076\" srcset=\"https:\/\/seanitiatives.com\/wp-content\/uploads\/2024\/04\/2024_04_26-Vinales-12-1024x834.jpeg 1024w, https:\/\/seanitiatives.com\/wp-content\/uploads\/2024\/04\/2024_04_26-Vinales-12-300x244.jpeg 300w, https:\/\/seanitiatives.com\/wp-content\/uploads\/2024\/04\/2024_04_26-Vinales-12-768x626.jpeg 768w, https:\/\/seanitiatives.com\/wp-content\/uploads\/2024\/04\/2024_04_26-Vinales-12-1536x1251.jpeg 1536w, https:\/\/seanitiatives.com\/wp-content\/uploads\/2024\/04\/2024_04_26-Vinales-12-2048x1668.jpeg 2048w, https:\/\/seanitiatives.com\/wp-content\/uploads\/2024\/04\/2024_04_26-Vinales-12-1568x1277.jpeg 1568w\" sizes=\"auto, (max-width: 1024px) 100vw, 1024px\" \/><\/figure>\n\n\n\n<figure class=\"wp-block-image size-large\"><img loading=\"lazy\" decoding=\"async\" width=\"1024\" height=\"744\" data-id=\"1077\" src=\"http:\/\/seanitiatives.com\/wp-content\/uploads\/2024\/04\/2024_04_26-Vinales-04-1024x744.jpeg\" alt=\"\" class=\"wp-image-1077\" srcset=\"https:\/\/seanitiatives.com\/wp-content\/uploads\/2024\/04\/2024_04_26-Vinales-04-1024x744.jpeg 1024w, https:\/\/seanitiatives.com\/wp-content\/uploads\/2024\/04\/2024_04_26-Vinales-04-300x218.jpeg 300w, https:\/\/seanitiatives.com\/wp-content\/uploads\/2024\/04\/2024_04_26-Vinales-04-768x558.jpeg 768w, https:\/\/seanitiatives.com\/wp-content\/uploads\/2024\/04\/2024_04_26-Vinales-04-1536x1116.jpeg 1536w, https:\/\/seanitiatives.com\/wp-content\/uploads\/2024\/04\/2024_04_26-Vinales-04-2048x1487.jpeg 2048w, https:\/\/seanitiatives.com\/wp-content\/uploads\/2024\/04\/2024_04_26-Vinales-04-1568x1139.jpeg 1568w\" sizes=\"auto, (max-width: 1024px) 100vw, 1024px\" \/><\/figure>\n\n\n\n<figure class=\"wp-block-image size-large\"><img loading=\"lazy\" decoding=\"async\" width=\"1024\" height=\"791\" data-id=\"1078\" src=\"http:\/\/seanitiatives.com\/wp-content\/uploads\/2024\/04\/2024_04_26-Vinales-06-1024x791.jpeg\" alt=\"\" class=\"wp-image-1078\" srcset=\"https:\/\/seanitiatives.com\/wp-content\/uploads\/2024\/04\/2024_04_26-Vinales-06-1024x791.jpeg 1024w, https:\/\/seanitiatives.com\/wp-content\/uploads\/2024\/04\/2024_04_26-Vinales-06-300x232.jpeg 300w, https:\/\/seanitiatives.com\/wp-content\/uploads\/2024\/04\/2024_04_26-Vinales-06-768x593.jpeg 768w, https:\/\/seanitiatives.com\/wp-content\/uploads\/2024\/04\/2024_04_26-Vinales-06-1536x1187.jpeg 1536w, https:\/\/seanitiatives.com\/wp-content\/uploads\/2024\/04\/2024_04_26-Vinales-06-2048x1583.jpeg 2048w, https:\/\/seanitiatives.com\/wp-content\/uploads\/2024\/04\/2024_04_26-Vinales-06-1568x1212.jpeg 1568w\" sizes=\"auto, (max-width: 1024px) 100vw, 1024px\" \/><\/figure>\n<\/figure>\n\n\n\n<p>Le 25 avril, nous laissons donc \u00e0 nouveau AuriJin \u00e0 la marina avant de prendre un taxi collectif pour la campagne cubaine et la petite ville de Vi\u00f1ales. Nous d\u00e9couvrons un magnifique paysage de cultures sur une terre rouge au milieu des Mogotes, ces \u00e9tonnantes montagnes sculpt\u00e9es par le climat tropical. Il nous faut tout de m\u00eame plus de 2h30 de route pour rejoindre notre destination et l\u2019apr\u00e8s-midi est donc consacr\u00e9e \u00e0 la visite de la petite ville et ses alentours.<\/p>\n\n\n\n<figure class=\"wp-block-gallery has-nested-images columns-default is-cropped wp-block-gallery-2 is-layout-flex wp-block-gallery-is-layout-flex\">\n<figure class=\"wp-block-image size-large\"><img loading=\"lazy\" decoding=\"async\" width=\"1024\" height=\"743\" data-id=\"1081\" src=\"http:\/\/seanitiatives.com\/wp-content\/uploads\/2024\/04\/2024_04_26-Vinales-11-1024x743.jpeg\" alt=\"\" class=\"wp-image-1081\" srcset=\"https:\/\/seanitiatives.com\/wp-content\/uploads\/2024\/04\/2024_04_26-Vinales-11-1024x743.jpeg 1024w, https:\/\/seanitiatives.com\/wp-content\/uploads\/2024\/04\/2024_04_26-Vinales-11-300x218.jpeg 300w, https:\/\/seanitiatives.com\/wp-content\/uploads\/2024\/04\/2024_04_26-Vinales-11-768x557.jpeg 768w, https:\/\/seanitiatives.com\/wp-content\/uploads\/2024\/04\/2024_04_26-Vinales-11-1536x1115.jpeg 1536w, https:\/\/seanitiatives.com\/wp-content\/uploads\/2024\/04\/2024_04_26-Vinales-11-2048x1486.jpeg 2048w, https:\/\/seanitiatives.com\/wp-content\/uploads\/2024\/04\/2024_04_26-Vinales-11-1568x1138.jpeg 1568w\" sizes=\"auto, (max-width: 1024px) 100vw, 1024px\" \/><\/figure>\n\n\n\n<figure class=\"wp-block-image size-large\"><img loading=\"lazy\" decoding=\"async\" width=\"1024\" height=\"712\" data-id=\"1079\" src=\"http:\/\/seanitiatives.com\/wp-content\/uploads\/2024\/04\/2024_04_27-Vinales-19-1024x712.jpeg\" alt=\"\" class=\"wp-image-1079\" srcset=\"https:\/\/seanitiatives.com\/wp-content\/uploads\/2024\/04\/2024_04_27-Vinales-19-1024x712.jpeg 1024w, https:\/\/seanitiatives.com\/wp-content\/uploads\/2024\/04\/2024_04_27-Vinales-19-300x209.jpeg 300w, https:\/\/seanitiatives.com\/wp-content\/uploads\/2024\/04\/2024_04_27-Vinales-19-768x534.jpeg 768w, https:\/\/seanitiatives.com\/wp-content\/uploads\/2024\/04\/2024_04_27-Vinales-19-1536x1069.jpeg 1536w, https:\/\/seanitiatives.com\/wp-content\/uploads\/2024\/04\/2024_04_27-Vinales-19-2048x1425.jpeg 2048w, https:\/\/seanitiatives.com\/wp-content\/uploads\/2024\/04\/2024_04_27-Vinales-19-1568x1091.jpeg 1568w\" sizes=\"auto, (max-width: 1024px) 100vw, 1024px\" \/><\/figure>\n\n\n\n<figure class=\"wp-block-image size-large\"><img loading=\"lazy\" decoding=\"async\" width=\"1024\" height=\"821\" data-id=\"1085\" src=\"http:\/\/seanitiatives.com\/wp-content\/uploads\/2024\/04\/2024_04_27-Vinales-20-1024x821.jpeg\" alt=\"\" class=\"wp-image-1085\" srcset=\"https:\/\/seanitiatives.com\/wp-content\/uploads\/2024\/04\/2024_04_27-Vinales-20-1024x821.jpeg 1024w, https:\/\/seanitiatives.com\/wp-content\/uploads\/2024\/04\/2024_04_27-Vinales-20-300x240.jpeg 300w, https:\/\/seanitiatives.com\/wp-content\/uploads\/2024\/04\/2024_04_27-Vinales-20-768x616.jpeg 768w, https:\/\/seanitiatives.com\/wp-content\/uploads\/2024\/04\/2024_04_27-Vinales-20-1536x1231.jpeg 1536w, https:\/\/seanitiatives.com\/wp-content\/uploads\/2024\/04\/2024_04_27-Vinales-20-2048x1642.jpeg 2048w, https:\/\/seanitiatives.com\/wp-content\/uploads\/2024\/04\/2024_04_27-Vinales-20-1568x1257.jpeg 1568w\" sizes=\"auto, (max-width: 1024px) 100vw, 1024px\" \/><\/figure>\n<\/figure>\n\n\n\n<p>Vendredi, nous prenons la direction de la finca (la ferme) l\u2019Armonia, tenue par Yoani, un cubain au fran\u00e7ais impeccable. Au programme, une magnifique randonn\u00e9e \u00e0 cheval pour rejoindre le sommet de l\u2019une des montagnes. Nous d\u00e9couvrons \u00e9galement les cultures : ma\u00efs, riz, tarot et surtout tabac. 90% de la production de ce dernier est vendu au gouvernement et la partie restante sert \u00e0 la fabrication de cigares artisanaux. Apr\u00e8s environ 5H de balade, nous retournons \u00e0 la ferme pour un d\u00e9jeuner tr\u00e8s sympa au milieu des poules, des cochons et d\u2019un magnifique potager.<\/p>\n\n\n\n<figure class=\"wp-block-gallery has-nested-images columns-default is-cropped wp-block-gallery-3 is-layout-flex wp-block-gallery-is-layout-flex\">\n<figure class=\"wp-block-image size-large\"><img loading=\"lazy\" decoding=\"async\" width=\"1024\" height=\"797\" data-id=\"1084\" src=\"http:\/\/seanitiatives.com\/wp-content\/uploads\/2024\/04\/2024_04_26-Vinales-16-1024x797.jpeg\" alt=\"\" class=\"wp-image-1084\" srcset=\"https:\/\/seanitiatives.com\/wp-content\/uploads\/2024\/04\/2024_04_26-Vinales-16-1024x797.jpeg 1024w, https:\/\/seanitiatives.com\/wp-content\/uploads\/2024\/04\/2024_04_26-Vinales-16-300x234.jpeg 300w, https:\/\/seanitiatives.com\/wp-content\/uploads\/2024\/04\/2024_04_26-Vinales-16-768x598.jpeg 768w, https:\/\/seanitiatives.com\/wp-content\/uploads\/2024\/04\/2024_04_26-Vinales-16-1536x1196.jpeg 1536w, https:\/\/seanitiatives.com\/wp-content\/uploads\/2024\/04\/2024_04_26-Vinales-16-2048x1595.jpeg 2048w, https:\/\/seanitiatives.com\/wp-content\/uploads\/2024\/04\/2024_04_26-Vinales-16-1568x1221.jpeg 1568w\" sizes=\"auto, (max-width: 1024px) 100vw, 1024px\" \/><\/figure>\n\n\n\n<figure class=\"wp-block-image size-large\"><img loading=\"lazy\" decoding=\"async\" width=\"1024\" height=\"767\" data-id=\"1082\" src=\"http:\/\/seanitiatives.com\/wp-content\/uploads\/2024\/04\/2024_04_26-Vinales-02-1024x767.jpeg\" alt=\"\" class=\"wp-image-1082\" srcset=\"https:\/\/seanitiatives.com\/wp-content\/uploads\/2024\/04\/2024_04_26-Vinales-02-1024x767.jpeg 1024w, https:\/\/seanitiatives.com\/wp-content\/uploads\/2024\/04\/2024_04_26-Vinales-02-300x225.jpeg 300w, https:\/\/seanitiatives.com\/wp-content\/uploads\/2024\/04\/2024_04_26-Vinales-02-768x575.jpeg 768w, https:\/\/seanitiatives.com\/wp-content\/uploads\/2024\/04\/2024_04_26-Vinales-02-1536x1151.jpeg 1536w, https:\/\/seanitiatives.com\/wp-content\/uploads\/2024\/04\/2024_04_26-Vinales-02-2048x1534.jpeg 2048w, https:\/\/seanitiatives.com\/wp-content\/uploads\/2024\/04\/2024_04_26-Vinales-02-1568x1174.jpeg 1568w\" sizes=\"auto, (max-width: 1024px) 100vw, 1024px\" \/><\/figure>\n\n\n\n<figure class=\"wp-block-image size-large\"><img loading=\"lazy\" decoding=\"async\" width=\"1024\" height=\"1024\" data-id=\"1083\" src=\"http:\/\/seanitiatives.com\/wp-content\/uploads\/2024\/04\/2024_04_26-Vinales-08-1024x1024.jpeg\" alt=\"\" class=\"wp-image-1083\" srcset=\"https:\/\/seanitiatives.com\/wp-content\/uploads\/2024\/04\/2024_04_26-Vinales-08-1024x1024.jpeg 1024w, https:\/\/seanitiatives.com\/wp-content\/uploads\/2024\/04\/2024_04_26-Vinales-08-300x300.jpeg 300w, https:\/\/seanitiatives.com\/wp-content\/uploads\/2024\/04\/2024_04_26-Vinales-08-150x150.jpeg 150w, https:\/\/seanitiatives.com\/wp-content\/uploads\/2024\/04\/2024_04_26-Vinales-08-768x768.jpeg 768w, https:\/\/seanitiatives.com\/wp-content\/uploads\/2024\/04\/2024_04_26-Vinales-08-1536x1536.jpeg 1536w, https:\/\/seanitiatives.com\/wp-content\/uploads\/2024\/04\/2024_04_26-Vinales-08-2048x2048.jpeg 2048w, https:\/\/seanitiatives.com\/wp-content\/uploads\/2024\/04\/2024_04_26-Vinales-08-1568x1568.jpeg 1568w\" sizes=\"auto, (max-width: 1024px) 100vw, 1024px\" \/><\/figure>\n<\/figure>\n\n\n\n<p>Sur le chemin du retour, le soleil baigne la vall\u00e9e d\u2019une tr\u00e8s belle lumi\u00e8re. L\u2019occasion de d\u00e9couvrir le mur de la pr\u00e9histoire et ses peintures mais aussi de monter vers le mirador Los Jasmine pour un superbe coucher de soleil.<\/p>\n\n\n\n<figure class=\"wp-block-gallery has-nested-images columns-default is-cropped wp-block-gallery-4 is-layout-flex wp-block-gallery-is-layout-flex\">\n<figure class=\"wp-block-image size-large\"><img loading=\"lazy\" decoding=\"async\" width=\"1024\" height=\"843\" data-id=\"1090\" src=\"http:\/\/seanitiatives.com\/wp-content\/uploads\/2024\/04\/2024_04_27-Vinales-32-1024x843.jpeg\" alt=\"\" class=\"wp-image-1090\" srcset=\"https:\/\/seanitiatives.com\/wp-content\/uploads\/2024\/04\/2024_04_27-Vinales-32-1024x843.jpeg 1024w, https:\/\/seanitiatives.com\/wp-content\/uploads\/2024\/04\/2024_04_27-Vinales-32-300x247.jpeg 300w, https:\/\/seanitiatives.com\/wp-content\/uploads\/2024\/04\/2024_04_27-Vinales-32-768x633.jpeg 768w, https:\/\/seanitiatives.com\/wp-content\/uploads\/2024\/04\/2024_04_27-Vinales-32-1536x1265.jpeg 1536w, https:\/\/seanitiatives.com\/wp-content\/uploads\/2024\/04\/2024_04_27-Vinales-32-2048x1687.jpeg 2048w, https:\/\/seanitiatives.com\/wp-content\/uploads\/2024\/04\/2024_04_27-Vinales-32-1568x1292.jpeg 1568w\" sizes=\"auto, (max-width: 1024px) 100vw, 1024px\" \/><\/figure>\n\n\n\n<figure class=\"wp-block-image size-large\"><img loading=\"lazy\" decoding=\"async\" width=\"1024\" height=\"756\" data-id=\"1089\" src=\"http:\/\/seanitiatives.com\/wp-content\/uploads\/2024\/04\/2024_04_27-Vinales-31-1024x756.jpeg\" alt=\"\" class=\"wp-image-1089\" srcset=\"https:\/\/seanitiatives.com\/wp-content\/uploads\/2024\/04\/2024_04_27-Vinales-31-1024x756.jpeg 1024w, https:\/\/seanitiatives.com\/wp-content\/uploads\/2024\/04\/2024_04_27-Vinales-31-300x222.jpeg 300w, https:\/\/seanitiatives.com\/wp-content\/uploads\/2024\/04\/2024_04_27-Vinales-31-768x567.jpeg 768w, https:\/\/seanitiatives.com\/wp-content\/uploads\/2024\/04\/2024_04_27-Vinales-31-1536x1134.jpeg 1536w, https:\/\/seanitiatives.com\/wp-content\/uploads\/2024\/04\/2024_04_27-Vinales-31-2048x1512.jpeg 2048w, https:\/\/seanitiatives.com\/wp-content\/uploads\/2024\/04\/2024_04_27-Vinales-31-1568x1158.jpeg 1568w\" sizes=\"auto, (max-width: 1024px) 100vw, 1024px\" \/><\/figure>\n\n\n\n<figure class=\"wp-block-image size-large\"><img loading=\"lazy\" decoding=\"async\" width=\"1024\" height=\"753\" data-id=\"1091\" src=\"http:\/\/seanitiatives.com\/wp-content\/uploads\/2024\/04\/2024_04_27-Vinales-30-1024x753.jpeg\" alt=\"\" class=\"wp-image-1091\" srcset=\"https:\/\/seanitiatives.com\/wp-content\/uploads\/2024\/04\/2024_04_27-Vinales-30-1024x753.jpeg 1024w, https:\/\/seanitiatives.com\/wp-content\/uploads\/2024\/04\/2024_04_27-Vinales-30-300x221.jpeg 300w, https:\/\/seanitiatives.com\/wp-content\/uploads\/2024\/04\/2024_04_27-Vinales-30-768x565.jpeg 768w, https:\/\/seanitiatives.com\/wp-content\/uploads\/2024\/04\/2024_04_27-Vinales-30-1536x1129.jpeg 1536w, https:\/\/seanitiatives.com\/wp-content\/uploads\/2024\/04\/2024_04_27-Vinales-30-2048x1506.jpeg 2048w, https:\/\/seanitiatives.com\/wp-content\/uploads\/2024\/04\/2024_04_27-Vinales-30-1568x1153.jpeg 1568w\" sizes=\"auto, (max-width: 1024px) 100vw, 1024px\" \/><\/figure>\n<\/figure>\n\n\n\n<p>Le lendemain, c\u2019est \u00e0 pied qu\u2019aura lieu la randonn\u00e9e. Nous prenons le chemin des grottes, la Cueva de la Vaca et celle du Palmarito. Dans cette derni\u00e8re, une petite rivi\u00e8re a creus\u00e9 une piscine naturelle et un d\u00e9cor \u00e0 couper le souffle ! C\u2019est sur cette belle promenade en compagnie d\u2019un des chiens de la ville qui nous a adopt\u00e9 que nous terminons notre s\u00e9jour \u00e0 Vi\u00f1ales avant de reprendre le taxi collectif pour retrouver AuriJin.<\/p>\n\n\n\n<figure class=\"wp-block-gallery has-nested-images columns-default is-cropped wp-block-gallery-5 is-layout-flex wp-block-gallery-is-layout-flex\">\n<figure class=\"wp-block-image size-large\"><img loading=\"lazy\" decoding=\"async\" width=\"1024\" height=\"986\" data-id=\"1086\" src=\"http:\/\/seanitiatives.com\/wp-content\/uploads\/2024\/04\/2024_04_27-Vinales-22-1024x986.jpeg\" alt=\"\" class=\"wp-image-1086\" srcset=\"https:\/\/seanitiatives.com\/wp-content\/uploads\/2024\/04\/2024_04_27-Vinales-22-1024x986.jpeg 1024w, https:\/\/seanitiatives.com\/wp-content\/uploads\/2024\/04\/2024_04_27-Vinales-22-300x289.jpeg 300w, https:\/\/seanitiatives.com\/wp-content\/uploads\/2024\/04\/2024_04_27-Vinales-22-768x739.jpeg 768w, https:\/\/seanitiatives.com\/wp-content\/uploads\/2024\/04\/2024_04_27-Vinales-22-1536x1479.jpeg 1536w, https:\/\/seanitiatives.com\/wp-content\/uploads\/2024\/04\/2024_04_27-Vinales-22-2048x1971.jpeg 2048w, https:\/\/seanitiatives.com\/wp-content\/uploads\/2024\/04\/2024_04_27-Vinales-22-1568x1509.jpeg 1568w\" sizes=\"auto, (max-width: 1024px) 100vw, 1024px\" \/><\/figure>\n\n\n\n<figure class=\"wp-block-image size-large\"><img loading=\"lazy\" decoding=\"async\" width=\"1024\" height=\"905\" data-id=\"1088\" src=\"http:\/\/seanitiatives.com\/wp-content\/uploads\/2024\/04\/2024_04_27-Vinales-24-1024x905.jpeg\" alt=\"\" class=\"wp-image-1088\" srcset=\"https:\/\/seanitiatives.com\/wp-content\/uploads\/2024\/04\/2024_04_27-Vinales-24-1024x905.jpeg 1024w, https:\/\/seanitiatives.com\/wp-content\/uploads\/2024\/04\/2024_04_27-Vinales-24-300x265.jpeg 300w, https:\/\/seanitiatives.com\/wp-content\/uploads\/2024\/04\/2024_04_27-Vinales-24-768x679.jpeg 768w, https:\/\/seanitiatives.com\/wp-content\/uploads\/2024\/04\/2024_04_27-Vinales-24-1536x1358.jpeg 1536w, https:\/\/seanitiatives.com\/wp-content\/uploads\/2024\/04\/2024_04_27-Vinales-24-2048x1810.jpeg 2048w, https:\/\/seanitiatives.com\/wp-content\/uploads\/2024\/04\/2024_04_27-Vinales-24-1568x1386.jpeg 1568w\" sizes=\"auto, (max-width: 1024px) 100vw, 1024px\" \/><\/figure>\n\n\n\n<figure class=\"wp-block-image size-large\"><img loading=\"lazy\" decoding=\"async\" width=\"1024\" height=\"782\" data-id=\"1087\" src=\"http:\/\/seanitiatives.com\/wp-content\/uploads\/2024\/04\/2024_04_27-Vinales-28-1024x782.jpeg\" alt=\"\" class=\"wp-image-1087\" srcset=\"https:\/\/seanitiatives.com\/wp-content\/uploads\/2024\/04\/2024_04_27-Vinales-28-1024x782.jpeg 1024w, https:\/\/seanitiatives.com\/wp-content\/uploads\/2024\/04\/2024_04_27-Vinales-28-300x229.jpeg 300w, https:\/\/seanitiatives.com\/wp-content\/uploads\/2024\/04\/2024_04_27-Vinales-28-768x586.jpeg 768w, https:\/\/seanitiatives.com\/wp-content\/uploads\/2024\/04\/2024_04_27-Vinales-28-1536x1173.jpeg 1536w, https:\/\/seanitiatives.com\/wp-content\/uploads\/2024\/04\/2024_04_27-Vinales-28-2048x1564.jpeg 2048w, https:\/\/seanitiatives.com\/wp-content\/uploads\/2024\/04\/2024_04_27-Vinales-28-1568x1197.jpeg 1568w\" sizes=\"auto, (max-width: 1024px) 100vw, 1024px\" \/><\/figure>\n\n\n\n<figure class=\"wp-block-image size-large\"><img loading=\"lazy\" decoding=\"async\" width=\"768\" height=\"1024\" data-id=\"1097\" src=\"http:\/\/seanitiatives.com\/wp-content\/uploads\/2024\/04\/IMG-20240428-WA0003-768x1024.jpeg\" alt=\"\" class=\"wp-image-1097\" srcset=\"https:\/\/seanitiatives.com\/wp-content\/uploads\/2024\/04\/IMG-20240428-WA0003-768x1024.jpeg 768w, https:\/\/seanitiatives.com\/wp-content\/uploads\/2024\/04\/IMG-20240428-WA0003-225x300.jpeg 225w, https:\/\/seanitiatives.com\/wp-content\/uploads\/2024\/04\/IMG-20240428-WA0003-1152x1536.jpeg 1152w, https:\/\/seanitiatives.com\/wp-content\/uploads\/2024\/04\/IMG-20240428-WA0003.jpeg 1536w\" sizes=\"auto, (max-width: 768px) 100vw, 768px\" \/><\/figure>\n<\/figure>\n\n\n\n<p>Le 28 avril, retour sur AuriJin pour une nouvelle journ\u00e9e bricolage \u00e0 bord : il faut faire quelques checks en vue de la transat retour depuis les Bahamas. Cela ne nous emp\u00eache pas de profiter d\u2019\u00eatre \u00e0 la marina pour sympathiser avec les bateaux autour de nous, entre fran\u00e7ais, qu\u00e9b\u00e9cois et am\u00e9ricains. <\/p>\n\n\n\n<p>Une fen\u00eatre m\u00e9t\u00e9o se pr\u00e9sente et nous n\u2019aurons malheureusement pas l\u2019occasion de visiter plus en d\u00e9tail La Havane. Nous retournons toutefois dans le petit village voisin pour quelques courses et surtout pour un arr\u00eat coiffeur pour Jean-Jacques : il faut \u00eatre beau pour la transat \u00e0 venir ! <\/p>\n\n\n\n<figure class=\"wp-block-gallery has-nested-images columns-default is-cropped wp-block-gallery-6 is-layout-flex wp-block-gallery-is-layout-flex\">\n<figure class=\"wp-block-image size-large\"><img loading=\"lazy\" decoding=\"async\" width=\"576\" height=\"1024\" data-id=\"1098\" src=\"http:\/\/seanitiatives.com\/wp-content\/uploads\/2024\/04\/VideoCapture_20240429-165928-576x1024.jpeg\" alt=\"\" class=\"wp-image-1098\" srcset=\"https:\/\/seanitiatives.com\/wp-content\/uploads\/2024\/04\/VideoCapture_20240429-165928-576x1024.jpeg 576w, https:\/\/seanitiatives.com\/wp-content\/uploads\/2024\/04\/VideoCapture_20240429-165928-169x300.jpeg 169w, https:\/\/seanitiatives.com\/wp-content\/uploads\/2024\/04\/VideoCapture_20240429-165928-768x1365.jpeg 768w, https:\/\/seanitiatives.com\/wp-content\/uploads\/2024\/04\/VideoCapture_20240429-165928-864x1536.jpeg 864w, https:\/\/seanitiatives.com\/wp-content\/uploads\/2024\/04\/VideoCapture_20240429-165928.jpeg 1080w\" sizes=\"auto, (max-width: 576px) 100vw, 576px\" \/><\/figure>\n<\/figure>\n\n\n\n<p>Le 30 avril, nous quittons Cuba direction les Bahamas apr\u00e8s presqu\u2019un mois dans ce magnifique pays. <br><\/p>\n","protected":false},"excerpt":{"rendered":"<p>Nous vous avions laiss\u00e9 lors de notre arriv\u00e9e \u00e0 La Havane. Cette premi\u00e8re journ\u00e9e n\u2019est pas de tout repos : qui dit arriv\u00e9e au port dit grand m\u00e9nage sur AuriJin, on frotte, l\u2019ext\u00e9rieur, on nettoie l\u2019int\u00e9rieur de toutes les traces de moisissures accumul\u00e9es avec l\u2019humidit\u00e9 ambiante (bah oui, une maison sur l\u2019eau, c\u2019est humide surtout<a class=\"more-link\" href=\"https:\/\/seanitiatives.com\/index.php\/2024\/05\/02\/23-au-30-avril-cuba-partie-iii\/\">Continue reading <span class=\"screen-reader-text\">&#8220;23 au 30 avril : Cuba &#8211; Partie III&#8221;<\/span><\/a><\/p>\n","protected":false},"author":3,"featured_media":1077,"comment_status":"open","ping_status":"open","sticky":false,"template":"","format":"standard","meta":{"_monsterinsights_skip_tracking":false,"_monsterinsights_sitenote_active":false,"_monsterinsights_sitenote_note":"","_monsterinsights_sitenote_category":0,"footnotes":""},"categories":[7],"tags":[3],"class_list":["post-1071","post","type-post","status-publish","format-standard","has-post-thumbnail","hentry","category-voyage-autour-de-latlantique","tag-voyage-autour-de-latlantique","entry"],"_links":{"self":[{"href":"https:\/\/seanitiatives.com\/index.php\/wp-json\/wp\/v2\/posts\/1071","targetHints":{"allow":["GET"]}}],"collection":[{"href":"https:\/\/seanitiatives.com\/index.php\/wp-json\/wp\/v2\/posts"}],"about":[{"href":"https:\/\/seanitiatives.com\/index.php\/wp-json\/wp\/v2\/types\/post"}],"author":[{"embeddable":true,"href":"https:\/\/seanitiatives.com\/index.php\/wp-json\/wp\/v2\/users\/3"}],"replies":[{"embeddable":true,"href":"https:\/\/seanitiatives.com\/index.php\/wp-json\/wp\/v2\/comments?post=1071"}],"version-history":[{"count":7,"href":"https:\/\/seanitiatives.com\/index.php\/wp-json\/wp\/v2\/posts\/1071\/revisions"}],"predecessor-version":[{"id":1102,"href":"https:\/\/seanitiatives.com\/index.php\/wp-json\/wp\/v2\/posts\/1071\/revisions\/1102"}],"wp:featuredmedia":[{"embeddable":true,"href":"https:\/\/seanitiatives.com\/index.php\/wp-json\/wp\/v2\/media\/1077"}],"wp:attachment":[{"href":"https:\/\/seanitiatives.com\/index.php\/wp-json\/wp\/v2\/media?parent=1071"}],"wp:term":[{"taxonomy":"category","embeddable":true,"href":"https:\/\/seanitiatives.com\/index.php\/wp-json\/wp\/v2\/categories?post=1071"},{"taxonomy":"post_tag","embeddable":true,"href":"https:\/\/seanitiatives.com\/index.php\/wp-json\/wp\/v2\/tags?post=1071"}],"curies":[{"name":"wp","href":"https:\/\/api.w.org\/{rel}","templated":true}]}}